{"id":12734,"date":"2021-06-04T11:25:42","date_gmt":"2021-06-04T11:25:42","guid":{"rendered":"https:\/\/webtosell01.es\/webs\/euroembalaje\/?p=1884"},"modified":"2021-06-04T11:25:42","modified_gmt":"2021-06-04T11:25:42","slug":"dia-mundial-del-medio-ambiente-embalajes-sostenibles","status":"publish","type":"post","link":"https:\/\/pratbosch.com\/es\/dia-mundial-del-medio-ambiente-embalajes-sostenibles\/","title":{"rendered":"D\u00eda Mundial del Medio Ambiente, embalajes sostenibles."},"content":{"rendered":"\n<p>Hoy 5 de Junio es el d\u00eda del medio ambiente, desde Euroembalaje nos comprometemos a seguir mejorando nuestros medios y m\u00e9todos,  contribuir ayudando a mejorar el planeta.<\/p>\n\n\n\n<p>Este 2021 hemos realizado algunos cambios en la empresa, con el fin de reducir la huella de carbono a 0, <a href=\"https:\/\/webtosell01.es\/webs\/euroembalaje\/instalamos-placas-solares-en-euroembalaje-apostamos-por-el-autoconsumo\/\" target=\"_blank\" rel=\"noreferrer noopener\">instalamos placas solares<\/a> y seguimos mejorando productos con el fin de ser m\u00e1s sostenibles.<\/p>\n\n\n\n<blockquote class=\"wp-block-quote is-layout-flow wp-block-quote-is-layout-flow\"><p>El tema del&nbsp;<a href=\"https:\/\/www.worldenvironmentday.global\/es\" target=\"_blank\" rel=\"noreferrer noopener\">D\u00eda Mundial del Medio Ambiente 2021<\/a>&nbsp;es la&nbsp;<a href=\"https:\/\/www.decadeonrestoration.org\/es\/en-que-consiste-la-restauracion-de-los-ecosistemas\" target=\"_blank\" rel=\"noreferrer noopener\">Restauraci\u00f3n de los Ecosistemas<\/a>.<\/p><p>La restauraci\u00f3n de ecosistemas puede tomar muchas formas: plantar \u00e1rboles, reverdecer ciudades, reintroducir especies silvestres en los jardines, cambiar la dieta o limpiar r\u00edos y costas. Esta es la generaci\u00f3n que puede hacer las paces con la naturaleza.<\/p><cite><a href=\"https:\/\/www.unep.org\/es\/events\/un-day\/dia-mundial-del-medio-ambiente-2021\" target=\"_blank\" rel=\"noreferrer noopener\">https:\/\/www.unep.org\/es\/events\/un-day\/dia-mundial-del-medio-ambiente-2021<\/a><\/cite><\/blockquote>\n\n\n\n<figure class=\"wp-block-video\"><video controls src=\"https:\/\/webtosell01.es\/webs\/euroembalaje\/wp-content\/uploads\/2021\/05\/yt1s.com-UN-Decade-on-Ecosystem-Restoration-10-years-to-heal-the-planet.mp4\"><\/video><figcaption><a href=\"https:\/\/www.youtube.com\/watch?v=LIPMERHaLKM&amp;t=2s\" target=\"_blank\" rel=\"noreferrer noopener\">https:\/\/www.youtube.com\/watch?v=LIPMERHaLKM&amp;t=2s<\/a><\/figcaption><\/figure>\n\n\n\n<p>Varias son las consecuencias que vamos viviendo, a causa del calentamiento global.<\/p>\n\n\n\n<figure class=\"wp-block-gallery columns-1 is-cropped wp-block-gallery-1 is-layout-flex wp-block-gallery-is-layout-flex\"><ul class=\"blocks-gallery-grid\"><li class=\"blocks-gallery-item\"><figure><img decoding=\"async\" src=\"https:\/\/webtosell01.es\/webs\/euroembalaje\/wp-content\/uploads\/2021\/05\/CONSECUENCIAS-DEL-CAMBIO-CLIMATICO_INFOGRAFIA_ROJA-1024x530.jpg\" alt=\"Consecuencias del cambio climatico INFOGRAF\u00cdA Euroembalaje\" data-id=\"1891\" data-full-url=\"https:\/\/webtosell01.es\/webs\/euroembalaje\/wp-content\/uploads\/2021\/05\/CONSECUENCIAS-DEL-CAMBIO-CLIMATICO_INFOGRAFIA_ROJA-scaled.jpg\" data-link=\"https:\/\/webtosell01.es\/webs\/euroembalaje\/?attachment_id=1891\" class=\"wp-image-1891\"\/><\/figure><\/li><\/ul><\/figure>\n\n\n\n<p>Estas seis causas son uno de los factores m\u00e1s peligrosos que estamos teniendo. Os los explicamos detenidamente en nuestro <a href=\"https:\/\/www.linkedin.com\/company\/euroembalaje\/posts\/?feedView=all&amp;viewAsMember=true\" target=\"_blank\" rel=\"noreferrer noopener\">Linkedin<\/a>.<\/p>\n\n\n\n<ul class=\"wp-block-list\"><li><a href=\"https:\/\/www.linkedin.com\/feed\/update\/urn:li:activity:6805016756030119936\" target=\"_blank\" rel=\"noreferrer noopener\">Deshielo y Aumento del nivel del mar.<\/a><\/li><li><a href=\"https:\/\/www.linkedin.com\/feed\/update\/urn:li:activity:6805395992628797440\" target=\"_blank\" rel=\"noreferrer noopener\">Condiciones meteorol\u00f3gicas extremas y aumento de las precipitaciones.<\/a><\/li><li><a href=\"https:\/\/www.linkedin.com\/feed\/update\/urn:li:activity:6806472493751185409\" target=\"_blank\" rel=\"noreferrer noopener\">Enfermedades.<\/a><\/li><li><a href=\"https:\/\/www.linkedin.com\/feed\/update\/urn:li:activity:6805743462760161280\" target=\"_blank\" rel=\"noreferrer noopener\">Sequ\u00eda.<\/a><\/li><li><a href=\"https:\/\/www.linkedin.com\/feed\/update\/urn:li:activity:6806106655961477120\" target=\"_blank\" rel=\"noreferrer noopener\">Especies en extinci\u00f3n.<\/a><\/li><li>Destrucci\u00f3n de ecosistemas.<\/li><\/ul>\n\n\n\n<figure class=\"wp-block-image size-large\"><img decoding=\"async\" src=\"https:\/\/webtosell01.es\/webs\/euroembalaje\/wp-content\/uploads\/2021\/06\/DESTRUCCION-DE-ECOSISTEMAS-1024x576.jpg\" alt=\"\" class=\"wp-image-1911\"\/><figcaption>Destrucci\u00f3n de Ecosistemas<\/figcaption><\/figure>\n\n\n\n<p><\/p>\n\n\n\n<h5 class=\"wp-block-heading\" id=\"h-consejos-para-mejorar-el-medio-ambiente\">Consejos para mejorar el Medio Ambiente.<\/h5>\n\n\n\n<p>Desde Euroembalaje os traemos algunos consejos para mejorar desde nuestro sector el embalaje.<\/p>\n\n\n\n<p>Siempre tenemos <strong>varias alternativas<\/strong> para que los embalajes sean m\u00e1s sostenibles y contribuyamos a cuidar el <strong>Medio Ambiente<\/strong>.<\/p>\n\n\n\n<p>Cada vez m\u00e1s gente esta concienciada en utilizar un embalaje m\u00e1s sostenible.<\/p>\n\n\n\n<p>En <strong>Euroembalaje<\/strong> realizamos un estudio minucioso para que los embalajes sean lo m\u00e1s \u00f3ptimos y <a href=\"https:\/\/webtosell01.es\/webs\/euroembalaje\/ahorrar-mis-costes-embalaje\/\" target=\"_blank\" rel=\"noreferrer noopener\">econ\u00f3micos posibles<\/a>.<\/p>\n\n\n\n<p>Pero adem\u00e1s de esto, os explicamos algunas de las maneras m\u00e1s vers\u00e1tiles.<\/p>\n\n\n\n<h6 class=\"wp-block-heading\" id=\"h-no-excederse-en-el-embalaje\">No excederse en el embalaje.<\/h6>\n\n\n\n<p>Es menos com\u00fan y gusta menos a los consumidores que un paquete traiga un <strong>embalaje excesivo<\/strong>. No es necesario que una caja duplique o triplique el tama\u00f1o del producto que alberga.<\/p>\n\n\n\n<h6 class=\"wp-block-heading\" id=\"h-buscar-una-alternativa-a-los-plasticos\">Buscar una alternativa a los plasticos.<\/h6>\n\n\n\n<p>Por ello os recomendamos nuestra<strong> <a href=\"https:\/\/webtosell01.es\/webs\/euroembalaje\/productos-de-embalaje-y-packaging\/gama-eco\/\" target=\"_blank\" rel=\"noreferrer noopener\">gama ecol\u00f3gica<\/a><\/strong>.<\/p>\n\n\n\n<p>Utilizar materiales con una producci\u00f3n m\u00ednima de CO2, como alternativa al film estirable normal, os traemos su alternativa <a href=\"https:\/\/webtosell01.es\/webs\/euroembalaje\/productos-de-embalaje-y-packaging\/gama-eco\/#film-bio-stretch\" target=\"_blank\" rel=\"noreferrer noopener\">Film estirable ecol\u00f3gico<\/a> para uso autom\u00e1tico y manual. <\/p>\n\n\n\n<p>Se trata de un <strong>biopl\u00e1stico de origen vegetal<\/strong> producido a partir de la ca\u00f1a de az\u00facar. Con bajo micraje (entre 12 y 15 micras) y alto rendimiento, presenta las mismas caracter\u00edsticas del film tradicional en cuanto a <strong>resistencia, elasticidad y durabilidad<\/strong>. Puede reciclarse junto con el polietileno de origen f\u00f3sil.<\/p>\n\n\n\n<p>En este post detallamos un poco m\u00e1s sobre el <a href=\"https:\/\/webtosell01.es\/webs\/euroembalaje\/film-biodegradable-aclarando-conceptos\/\" target=\"_blank\" rel=\"noreferrer noopener\">FILM BIODEGRADABLE<\/a>.<\/p>\n\n\n\n<h6 class=\"wp-block-heading\" id=\"h-otros-materiales-con-los-que-es-m-s-f-cil-reciclar\">Otros materiales con los que es m\u00e1s f\u00e1cil reciclar.<\/h6>\n\n\n\n<p> Antes era suficiente con que el material se pudiera reciclar, actualmente a\u00f1adimos que sean biodegradables, por si el material acaba en medio del campo, un rio o un mar.<\/p>\n\n\n\n<p> Aseguramos que el material se deshaga y se degrade sin muchas complicaciones, con el fin de no afectar al ecosistema.<\/p>\n\n\n\n<p>Como varios de algunos productos nuestros.<\/p>\n\n\n\n<p><a href=\"https:\/\/webtosell01.es\/webs\/euroembalaje\/productos-de-embalaje-y-packaging\/gama-eco\/#cinta-adhesiva-eco\" target=\"_blank\" rel=\"noreferrer noopener\">Cinta adhesiva ecol\u00f3gica.<\/a><\/p>\n\n\n\n<p><a href=\"https:\/\/webtosell01.es\/webs\/euroembalaje\/productos-de-embalaje-y-packaging\/gama-eco\/#sobres\" target=\"_blank\" rel=\"noreferrer noopener\">Sobres<\/a><\/p>\n\n\n\n<p><a href=\"https:\/\/webtosell01.es\/webs\/euroembalaje\/productos-de-embalaje-y-packaging\/gama-eco\/#proteccion-relleno\" target=\"_blank\" rel=\"noreferrer noopener\">Protecci\u00f3n y relleno<\/a><\/p>\n\n\n\n<p><a href=\"https:\/\/webtosell01.es\/webs\/euroembalaje\/productos-de-embalaje-y-packaging\/gama-eco\/#embalaje-isotermico\" target=\"_blank\" rel=\"noreferrer noopener\">Embalaje Isot\u00e9rmico.<\/a><\/p>\n\n\n\n<p>Hablar de como cuidar el <strong>medio ambiente<\/strong> puede ser muy extenso, pero os hemos dado una peque\u00f1a pincelada, desde nuestro sector el e<strong>mbalaje industrial<\/strong>.<\/p>\n\n\n\n<p>Cualquier cambio peque\u00f1o, puede ser un cambio muy grande, para ayudar a nuestro planeta.<\/p>\n\n\n\n<p>Seguimos mejorando con el gran equipo humano <a href=\"https:\/\/webtosell01.es\/webs\/euroembalaje\/\" target=\"_blank\" rel=\"noreferrer noopener\">Euroembalaje<\/a>.<\/p>\n\n\n\n<p class=\"yoast-reading-time__wrapper\"><span class=\"yoast-reading-time__icon\"><\/span><span class=\"yoast-reading-time__descriptive-text\">Tiempo de lectura estimado:  <\/span><span class=\"yoast-reading-time__reading-time\">3<\/span><span class=\"yoast-reading-time__time-unit\"> minutos<\/span><\/p>\n\n\n\n\n","protected":false},"excerpt":{"rendered":"<p> &hellip;<\/p>\n<p class=\"read-more\"> <a class=\"\" href=\"https:\/\/pratbosch.com\/es\/dia-mundial-del-medio-ambiente-embalajes-sostenibles\/\"> <span class=\"screen-reader-text\">D\u00eda Mundial del Medio Ambiente, embalajes sostenibles.<\/span> Leer m\u00e1s &raquo;<\/a><\/p>\n","protected":false},"author":1,"featured_media":4745,"comment_status":"open","ping_status":"open","sticky":false,"template":"","format":"standard","meta":{"site-sidebar-layout":"default","site-content-layout":"default","ast-global-header-display":"","ast-main-header-display":"","ast-hfb-above-header-display":"","ast-hfb-below-header-display":"","ast-hfb-mobile-header-display":"","site-post-title":"","ast-breadcrumbs-content":"","ast-featured-img":"","footer-sml-layout":"","theme-transparent-header-meta":"","adv-header-id-meta":"","stick-header-meta":"","header-above-stick-meta":"","header-main-stick-meta":"","header-below-stick-meta":"","footnotes":""},"categories":[61,33,34,36],"tags":[275],"class_list":["post-12734","post","type-post","status-publish","format-standard","has-post-thumbnail","hentry","category-cintas-adhesivas","category-euroembalaje","category-gama-ecologica","category-packaging-industrial","tag-dia-mundial-del-medio-ambiente"],"_links":{"self":[{"href":"https:\/\/pratbosch.com\/es\/wp-json\/wp\/v2\/posts\/12734","targetHints":{"allow":["GET"]}}],"collection":[{"href":"https:\/\/pratbosch.com\/es\/wp-json\/wp\/v2\/posts"}],"about":[{"href":"https:\/\/pratbosch.com\/es\/wp-json\/wp\/v2\/types\/post"}],"author":[{"embeddable":true,"href":"https:\/\/pratbosch.com\/es\/wp-json\/wp\/v2\/users\/1"}],"replies":[{"embeddable":true,"href":"https:\/\/pratbosch.com\/es\/wp-json\/wp\/v2\/comments?post=12734"}],"version-history":[{"count":0,"href":"https:\/\/pratbosch.com\/es\/wp-json\/wp\/v2\/posts\/12734\/revisions"}],"wp:featuredmedia":[{"embeddable":true,"href":"https:\/\/pratbosch.com\/es\/wp-json\/wp\/v2\/media\/4745"}],"wp:attachment":[{"href":"https:\/\/pratbosch.com\/es\/wp-json\/wp\/v2\/media?parent=12734"}],"wp:term":[{"taxonomy":"category","embeddable":true,"href":"https:\/\/pratbosch.com\/es\/wp-json\/wp\/v2\/categories?post=12734"},{"taxonomy":"post_tag","embeddable":true,"href":"https:\/\/pratbosch.com\/es\/wp-json\/wp\/v2\/tags?post=12734"}],"curies":[{"name":"wp","href":"https:\/\/api.w.org\/{rel}","templated":true}]}}